{"id":115297,"date":"2025-08-16T18:31:46","date_gmt":"2025-08-16T16:31:46","guid":{"rendered":"https:\/\/agoff.de\/?p=115297"},"modified":"2025-08-16T18:31:46","modified_gmt":"2025-08-16T16:31:46","slug":"inhaltsverzeichnis-aoff-band-32-2024","status":"publish","type":"post","link":"https:\/\/agoff.de\/?p=115297","title":{"rendered":"Inhaltsverzeichnis AOFF &#8211; Band 32 (2024)"},"content":{"rendered":"<p><a href=\"?p=15092\">Zur&uuml;ck zur &Uuml;bersicht<\/a><\/p>\r\n\r\n<script language=\"JavaScript\" type=\"text\/javascript\">\nfunction gehezu(url)\n{\n\tlocation.href = url;\n}\n<\/script>\n<style>\ntd {min-width: 80px}\n<\/style>\n<br><br>\t<table width=\"100%\" cellspacing=\"1\" cellpading=\"1\">\n\t\t<tr>\n\t\t\t<td class=\"noborder\">\n\t\t\t\t\t\t\t<\/td>\n\t\t<\/tr>\n\t\t<tr><td class=\"noborder\">&nbsp;<\/td><\/tr>\n\t\t<tr>\n\t\t\t\t\t\t\t\t\t<td class=\"header\"> Seite <\/td>\n\t\t\t\t\t\t\t\t\t\t\t<td class=\"header\"> Verfasser <\/td>\n\t\t\t\t\t\t\t\t\t\t\t<td class=\"header\"> Titel <\/td>\n\t\t\t\t\t\t\t<tr>\n\t\t\t\t\t\t\t\t\t<tr>\n\t\t\t\t\t\t\t\t\t\t\t\t\t\t\t\t<td class=\"rows_white\"> 6 <\/td>\n\t\t\t\t\t\t\t\t\t\t\t\t\t\t\t\t\t\t\t\t<td class=\"rows_white\">  <\/td>\n\t\t\t\t\t\t\t\t\t\t\t\t\t\t\t\t\t\t\t\t<td class=\"rows_white\"> Autorenverzeichnis <\/td>\n\t\t\t\t\t\t\t\t\t\t\t\t\t\t\t\t<\/tr>\n\t\t\t\t\t\t\t\t\t\t\t<tr>\n\t\t\t\t\t\t\t\t\t\t\t\t\t\t\t\t<td class=\"rows_gray\"> 7-49 <\/td>\n\t\t\t\t\t\t\t\t\t\t\t\t\t\t\t\t\t\t\t\t<td class=\"rows_gray\"> Sebastian Ristock <\/td>\n\t\t\t\t\t\t\t\t\t\t\t\t\t\t\t\t\t\t\t\t<td class=\"rows_gray\"> Ristock und Ristau (Ristok, Rystok, Rystock; Rystau, Rystow) aus dem Kreis Petrikau (Piotrk\u00f3w Trybunalski) und Lodz (\u0141\u00f3d\u017a) in Mittelpolen <\/td>\n\t\t\t\t\t\t\t\t\t\t\t\t\t\t\t\t<\/tr>\n\t\t\t\t\t\t\t\t\t\t\t<tr>\n\t\t\t\t\t\t\t\t\t\t\t\t\t\t\t\t<td class=\"rows_white\"> 51-73 <\/td>\n\t\t\t\t\t\t\t\t\t\t\t\t\t\t\t\t\t\t\t\t<td class=\"rows_white\"> Lars A. Severin <\/td>\n\t\t\t\t\t\t\t\t\t\t\t\t\t\t\t\t\t\t\t\t<td class=\"rows_white\"> Severin aus Lettnin im Kreis Pyritz in Pommern <\/td>\n\t\t\t\t\t\t\t\t\t\t\t\t\t\t\t\t<\/tr>\n\t\t\t\t\t\t\t\t\t\t\t<tr>\n\t\t\t\t\t\t\t\t\t\t\t\t\t\t\t\t<td class=\"rows_gray\"> 75-78 <\/td>\n\t\t\t\t\t\t\t\t\t\t\t\t\t\t\t\t\t\t\t\t<td class=\"rows_gray\"> Joachim I. Koch <\/td>\n\t\t\t\t\t\t\t\t\t\t\t\t\t\t\t\t\t\t\t\t<td class=\"rows_gray\"> Ahnenliste Emma Dorenz (Niederschlesien und Provinz Posen) <\/td>\n\t\t\t\t\t\t\t\t\t\t\t\t\t\t\t\t<\/tr>\n\t\t\t\t\t\t\t\t\t\t\t<tr>\n\t\t\t\t\t\t\t\t\t\t\t\t\t\t\t\t<td class=\"rows_white\"> 79-90 <\/td>\n\t\t\t\t\t\t\t\t\t\t\t\t\t\t\t\t\t\t\t\t<td class=\"rows_white\"> Martin Richau <\/td>\n\t\t\t\t\t\t\t\t\t\t\t\t\t\t\t\t\t\t\t\t<td class=\"rows_white\"> Ahnenliste Julia Klyscz (Kreise Kreuzburg, Namslau und Oppeln in Schlesien) (Falkowitzer Ahnenlisten Nr. 11) <\/td>\n\t\t\t\t\t\t\t\t\t\t\t\t\t\t\t\t<\/tr>\n\t\t\t\t\t\t\t\t\t\t\t<tr>\n\t\t\t\t\t\t\t\t\t\t\t\t\t\t\t\t<td class=\"rows_gray\"> 91-127 <\/td>\n\t\t\t\t\t\t\t\t\t\t\t\t\t\t\t\t\t\t\t\t<td class=\"rows_gray\"> Joachim I. Koch <\/td>\n\t\t\t\t\t\t\t\t\t\t\t\t\t\t\t\t\t\t\t\t<td class=\"rows_gray\"> Ahnenliste Eugen Penther (Mittelpolen, Niederschlesien, Oberlausitz, Sachsen) <\/td>\n\t\t\t\t\t\t\t\t\t\t\t\t\t\t\t\t<\/tr>\n\t\t\t\t\t\t\t\t\t\t\t<tr>\n\t\t\t\t\t\t\t\t\t\t\t\t\t\t\t\t<td class=\"rows_white\"> 129-148 <\/td>\n\t\t\t\t\t\t\t\t\t\t\t\t\t\t\t\t\t\t\t\t<td class=\"rows_white\"> Joachim I. Koch <\/td>\n\t\t\t\t\t\t\t\t\t\t\t\t\t\t\t\t\t\t\t\t<td class=\"rows_white\"> Ahnenliste Luzie Riewe (Mittelpolen, Baden-W\u00fcrttemberg, Schweiz) <\/td>\n\t\t\t\t\t\t\t\t\t\t\t\t\t\t\t\t<\/tr>\n\t\t\t\t\t\t\t\t\t\t\t<tr>\n\t\t\t\t\t\t\t\t\t\t\t\t\t\t\t\t<td class=\"rows_gray\"> 149-166 <\/td>\n\t\t\t\t\t\t\t\t\t\t\t\t\t\t\t\t\t\t\t\t<td class=\"rows_gray\"> Martin Richau <\/td>\n\t\t\t\t\t\t\t\t\t\t\t\t\t\t\t\t\t\t\t\t<td class=\"rows_gray\"> Ahnenliste Geschwister Scholtyssek (Kreise Brieg, Kreuzburg, Namslau, Rosenberg und Oppeln in Schlesien) (Falkowitzer Ahnenlisten Nr. 12) <\/td>\n\t\t\t\t\t\t\t\t\t\t\t\t\t\t\t\t<\/tr>\n\t\t\t\t\t\t\t\t\t\t\t<tr>\n\t\t\t\t\t\t\t\t\t\t\t\t\t\t\t\t<td class=\"rows_white\"> 167-176 <\/td>\n\t\t\t\t\t\t\t\t\t\t\t\t\t\t\t\t\t\t\t\t<td class=\"rows_white\"> Joachim I. Koch <\/td>\n\t\t\t\t\t\t\t\t\t\t\t\t\t\t\t\t\t\t\t\t<td class=\"rows_white\"> Ahnenliste Irma Volkmann (Westpreu\u00dfen und Vorpommern) <\/td>\n\t\t\t\t\t\t\t\t\t\t\t\t\t\t\t\t<\/tr>\n\t\t\t\t\t\t\t\t\t\t\t<tr>\n\t\t\t\t\t\t\t\t\t\t\t\t\t\t\t\t<td class=\"rows_gray\"> 177-209 <\/td>\n\t\t\t\t\t\t\t\t\t\t\t\t\t\t\t\t\t\t\t\t<td class=\"rows_gray\"> Jos Kaldenbach <\/td>\n\t\t\t\t\t\t\t\t\t\t\t\t\t\t\t\t\t\t\t\t<td class=\"rows_gray\"> Tausende Ostdeutsche in Asien und S\u00fcdafrika. Auswertung der Soldb\u00fccher der Vereinigten Ostindischen Compagnie der Niederlande (Ostindien-Compagnie\/VOC\/OIC) 1633\u20131794. Teil 3: Pommern <\/td>\n\t\t\t\t\t\t\t\t\t\t\t\t\t\t\t\t<\/tr>\n\t\t\t\t\t\t\t\t\t\t\t<tr>\n\t\t\t\t\t\t\t\t\t\t\t\t\t\t\t\t<td class=\"rows_white\"> 211-217 <\/td>\n\t\t\t\t\t\t\t\t\t\t\t\t\t\t\t\t\t\t\t\t<td class=\"rows_white\"> Martin Richau <\/td>\n\t\t\t\t\t\t\t\t\t\t\t\t\t\t\t\t\t\t\t\t<td class=\"rows_white\"> Poppelau (Kreis Oppeln) im Preu\u00dfischen Steuerkataster von 1743 <\/td>\n\t\t\t\t\t\t\t\t\t\t\t\t\t\t\t\t<\/tr>\n\t\t\t\t\t\t\t\t\t\t\t<tr>\n\t\t\t\t\t\t\t\t\t\t\t\t\t\t\t\t<td class=\"rows_gray\"> 219-226 <\/td>\n\t\t\t\t\t\t\t\t\t\t\t\t\t\t\t\t\t\t\t\t<td class=\"rows_gray\"> Peter Bahl <\/td>\n\t\t\t\t\t\t\t\t\t\t\t\t\t\t\t\t\t\t\t\t<td class=\"rows_gray\"> Eine W\u00e4hlerliste der Synagogengemeinde Landsberg an der Warthe (Neumark) aus dem Jahr 1936 <\/td>\n\t\t\t\t\t\t\t\t\t\t\t\t\t\t\t\t<\/tr>\n\t\t\t\t\t\t\t\t\t\t\t<tr>\n\t\t\t\t\t\t\t\t\t\t\t\t\t\t\t\t<td class=\"rows_white\"> 227-259 <\/td>\n\t\t\t\t\t\t\t\t\t\t\t\t\t\t\t\t\t\t\t\t<td class=\"rows_white\"> Peter Bahl <\/td>\n\t\t\t\t\t\t\t\t\t\t\t\t\t\t\t\t\t\t\t\t<td class=\"rows_white\"> Fl\u00fcchtlinge im Sterberegister des Standesamtes Neuruppin Januar bis April 1945 <\/td>\n\t\t\t\t\t\t\t\t\t\t\t\t\t\t\t\t<\/tr>\n\t\t\t\t\t\t\t\t\t\t\t<tr>\n\t\t\t\t\t\t\t\t\t\t\t\t\t\t\t\t<td class=\"rows_gray\"> 261-263 <\/td>\n\t\t\t\t\t\t\t\t\t\t\t\t\t\t\t\t\t\t\t\t<td class=\"rows_gray\">  <\/td>\n\t\t\t\t\t\t\t\t\t\t\t\t\t\t\t\t\t\t\t\t<td class=\"rows_gray\"> Verzeichnis der verwendeten Zeichen und Abk\u00fcrzungen <\/td>\n\t\t\t\t\t\t\t\t\t\t\t\t\t\t\t\t<\/tr>\n\t\t\t\t\t\t\t\t\t\t\t<tr>\n\t\t\t\t\t\t\t\t\t\t\t\t\t\t\t\t<td class=\"rows_white\"> 265-273 <\/td>\n\t\t\t\t\t\t\t\t\t\t\t\t\t\t\t\t\t\t\t\t<td class=\"rows_white\">  <\/td>\n\t\t\t\t\t\t\t\t\t\t\t\t\t\t\t\t\t\t\t\t<td class=\"rows_white\"> Sachregister <\/td>\n\t\t\t\t\t\t\t\t\t\t\t\t\t\t\t\t<\/tr>\n\t\t\t\t\t\t\t\t\t\t\t<tr>\n\t\t\t\t\t\t\t\t\t\t\t\t\t\t\t\t<td class=\"rows_gray\"> 265-268 <\/td>\n\t\t\t\t\t\t\t\t\t\t\t\t\t\t\t\t\t\t\t\t<td class=\"rows_gray\">  <\/td>\n\t\t\t\t\t\t\t\t\t\t\t\t\t\t\t\t\t\t\t\t<td class=\"rows_gray\"> a. M\u00e4nnliche Berufs-, Amts- und Standesbezeichnungen <\/td>\n\t\t\t\t\t\t\t\t\t\t\t\t\t\t\t\t<\/tr>\n\t\t\t\t\t\t\t\t\t\t\t<tr>\n\t\t\t\t\t\t\t\t\t\t\t\t\t\t\t\t<td class=\"rows_white\"> 268 <\/td>\n\t\t\t\t\t\t\t\t\t\t\t\t\t\t\t\t\t\t\t\t<td class=\"rows_white\">  <\/td>\n\t\t\t\t\t\t\t\t\t\t\t\t\t\t\t\t\t\t\t\t<td class=\"rows_white\"> b. Weibliche Berufs-, Amts- und Standesbezeichnungen <\/td>\n\t\t\t\t\t\t\t\t\t\t\t\t\t\t\t\t<\/tr>\n\t\t\t\t\t\t\t\t\t\t\t<tr>\n\t\t\t\t\t\t\t\t\t\t\t\t\t\t\t\t<td class=\"rows_gray\"> 269 <\/td>\n\t\t\t\t\t\t\t\t\t\t\t\t\t\t\t\t\t\t\t\t<td class=\"rows_gray\">  <\/td>\n\t\t\t\t\t\t\t\t\t\t\t\t\t\t\t\t\t\t\t\t<td class=\"rows_gray\"> c. Milit\u00e4rische Dienstgrade und -stellungen <\/td>\n\t\t\t\t\t\t\t\t\t\t\t\t\t\t\t\t<\/tr>\n\t\t\t\t\t\t\t\t\t\t\t<tr>\n\t\t\t\t\t\t\t\t\t\t\t\t\t\t\t\t<td class=\"rows_white\"> 269 <\/td>\n\t\t\t\t\t\t\t\t\t\t\t\t\t\t\t\t\t\t\t\t<td class=\"rows_white\">  <\/td>\n\t\t\t\t\t\t\t\t\t\t\t\t\t\t\t\t\t\t\t\t<td class=\"rows_white\"> d. Beh\u00f6rden, Einrichtungen, K\u00f6rperschaften <\/td>\n\t\t\t\t\t\t\t\t\t\t\t\t\t\t\t\t<\/tr>\n\t\t\t\t\t\t\t\t\t\t\t<tr>\n\t\t\t\t\t\t\t\t\t\t\t\t\t\t\t\t<td class=\"rows_gray\"> 270 <\/td>\n\t\t\t\t\t\t\t\t\t\t\t\t\t\t\t\t\t\t\t\t<td class=\"rows_gray\">  <\/td>\n\t\t\t\t\t\t\t\t\t\t\t\t\t\t\t\t\t\t\t\t<td class=\"rows_gray\"> e. Milit\u00e4rische Einheiten und Dienststellen  <\/td>\n\t\t\t\t\t\t\t\t\t\t\t\t\t\t\t\t<\/tr>\n\t\t\t\t\t\t\t\t\t\t\t<tr>\n\t\t\t\t\t\t\t\t\t\t\t\t\t\t\t\t<td class=\"rows_white\"> 270-272 <\/td>\n\t\t\t\t\t\t\t\t\t\t\t\t\t\t\t\t\t\t\t\t<td class=\"rows_white\">  <\/td>\n\t\t\t\t\t\t\t\t\t\t\t\t\t\t\t\t\t\t\t\t<td class=\"rows_white\"> f. Todesursachen, Krankheiten, Gebrechen <\/td>\n\t\t\t\t\t\t\t\t\t\t\t\t\t\t\t\t<\/tr>\n\t\t\t\t\t\t\t\t\t\t\t<tr>\n\t\t\t\t\t\t\t\t\t\t\t\t\t\t\t\t<td class=\"rows_gray\"> 272-273 <\/td>\n\t\t\t\t\t\t\t\t\t\t\t\t\t\t\t\t\t\t\t\t<td class=\"rows_gray\">  <\/td>\n\t\t\t\t\t\t\t\t\t\t\t\t\t\t\t\t\t\t\t\t<td class=\"rows_gray\"> g. Sonstiges <\/td>\n\t\t\t\t\t\t\t\t\t\t\t\t\t\t\t\t<\/tr>\n\t\t\t\t\t\t\t\t\t\t\t<tr>\n\t\t\t\t\t\t\t\t\t\t\t\t\t\t\t\t<td class=\"rows_white\"> 273-284 <\/td>\n\t\t\t\t\t\t\t\t\t\t\t\t\t\t\t\t\t\t\t\t<td class=\"rows_white\">  <\/td>\n\t\t\t\t\t\t\t\t\t\t\t\t\t\t\t\t\t\t\t\t<td class=\"rows_white\"> Geographisches Register <\/td>\n\t\t\t\t\t\t\t\t\t\t\t\t\t\t\t\t<\/tr>\n\t\t\t\t\t\t\t\t\t\t\t<tr>\n\t\t\t\t\t\t\t\t\t\t\t\t\t\t\t\t<td class=\"rows_gray\"> 284-295 <\/td>\n\t\t\t\t\t\t\t\t\t\t\t\t\t\t\t\t\t\t\t\t<td class=\"rows_gray\">  <\/td>\n\t\t\t\t\t\t\t\t\t\t\t\t\t\t\t\t\t\t\t\t<td class=\"rows_gray\"> Register der Familiennamen <\/td>\n\t\t\t\t\t\t\t\t\t\t\t\t\t\t\t\t<\/tr>\n\t\t\t\t\t\t<\/table>\n\t<br>\n\r\n<a href=\"#top\"><img decoding=\"async\" src=\"wp-content\/pic\/topblue5.gif\" alt=\"nach oben\" \/><\/a>\r\n<p>&nbsp;<\/p>\r\n<hr>\r\n<ul><li><a href=\"?p=15092\">Inhaltsverzeichnisse AOFF<\/a><\/li><\/ul>","protected":false},"excerpt":{"rendered":"<p>Zur&uuml;ck zur &Uuml;bersicht &nbsp; Seite Verfasser Titel 6 Autorenverzeichnis 7-49 Sebastian Ristock Ristock und Ristau (Ristok, Rystok, Rystock; Rystau, Rystow) aus dem Kreis Petrikau (Piotrk\u00f3w Trybunalski) und Lodz (\u0141\u00f3d\u017a) in Mittelpolen 51-73 Lars A. Severin Severin aus Lettnin im Kreis Pyritz in Pommern 75-78 Joachim I. Koch Ahnenliste Emma Dorenz (Niederschlesien und Provinz Posen) 79-90 <a href=\"https:\/\/agoff.de\/?p=115297\" class=\"more-link\">\u2026\u00a0<span class=\"screen-reader-text\">  Inhaltsverzeichnis AOFF &#8211; Band 32 (2024)<\/span><\/a><\/p>\n","protected":false},"author":8,"featured_media":0,"comment_status":"closed","ping_status":"closed","sticky":false,"template":"","format":"standard","meta":{"ngg_post_thumbnail":0,"footnotes":""},"categories":[],"tags":[],"class_list":["post-115297","post","type-post","status-publish","format-standard","hentry"],"_links":{"self":[{"href":"https:\/\/agoff.de\/index.php?rest_route=\/wp\/v2\/posts\/115297","targetHints":{"allow":["GET"]}}],"collection":[{"href":"https:\/\/agoff.de\/index.php?rest_route=\/wp\/v2\/posts"}],"about":[{"href":"https:\/\/agoff.de\/index.php?rest_route=\/wp\/v2\/types\/post"}],"author":[{"embeddable":true,"href":"https:\/\/agoff.de\/index.php?rest_route=\/wp\/v2\/users\/8"}],"replies":[{"embeddable":true,"href":"https:\/\/agoff.de\/index.php?rest_route=%2Fwp%2Fv2%2Fcomments&post=115297"}],"version-history":[{"count":2,"href":"https:\/\/agoff.de\/index.php?rest_route=\/wp\/v2\/posts\/115297\/revisions"}],"predecessor-version":[{"id":115301,"href":"https:\/\/agoff.de\/index.php?rest_route=\/wp\/v2\/posts\/115297\/revisions\/115301"}],"wp:attachment":[{"href":"https:\/\/agoff.de\/index.php?rest_route=%2Fwp%2Fv2%2Fmedia&parent=115297"}],"wp:term":[{"taxonomy":"category","embeddable":true,"href":"https:\/\/agoff.de\/index.php?rest_route=%2Fwp%2Fv2%2Fcategories&post=115297"},{"taxonomy":"post_tag","embeddable":true,"href":"https:\/\/agoff.de\/index.php?rest_route=%2Fwp%2Fv2%2Ftags&post=115297"}],"curies":[{"name":"wp","href":"https:\/\/api.w.org\/{rel}","templated":true}]}}