{"id":118915,"date":"2026-03-05T09:50:09","date_gmt":"2026-03-05T08:50:09","guid":{"rendered":"https:\/\/agoff.de\/?p=118915"},"modified":"2026-04-19T12:49:50","modified_gmt":"2026-04-19T10:49:50","slug":"woiwodschaft-krakow-powiat-jaslo-gerichtsbezirk-zmigrod-1921","status":"publish","type":"post","link":"https:\/\/agoff.de\/?p=118915","title":{"rendered":"Woiwodschaft Krakow, Powiat Jas\u0142o, Gerichtsbezirk \u017bmigr\u00f3d 1921"},"content":{"rendered":"<p style=\"text-align:right\"><!-- Navigation --><br>\r\n<i>Sie sind hier: <a href=\"https:\/\/agoff.de\/\">Start<\/a> &#187; <a href=\"?p=613\">FST Galizien und Bukowina<\/a> &#187; <a href=\"?p=120104\">Orte<\/a> &#187; <a href=\"?p=112318\">Ortsverzeichnis Polen 1921<\/a><br> &#187; <a href=\"?p=112358\">Woiwodschaft Krakow 1921<\/a> &#187; <a href=\"?p=118913\">Powiat Jas\u0142o<\/a> &#187; Gerichtsbezirk \u017bmigr\u00f3d<\/i><\/p>\r\n\r\n<p style=\"text-align: center\">&nbsp;<\/p>\r\n\r\n<p style=\"text-align: justify\">In der Woiwodschaft Krakow im Jahr 1921 geh\u00f6rten zum Powiat Jas\u0142o folgende zwei Gerichtsbezirke. Die Anzahl der Gminas sind in Klammern genannt:<br>&nbsp;<\/p>\r\n\r\n<p style=\"text-align: center\"><big>Gerichtsbezirke (<i>Okr\u0105g s\u0105dowy<\/i>):\r\n &nbsp;  <a href=\"?p=118913\">Jas\u0142o<\/a> (78)\r\n &#8226; <b>\u017bmigr\u00f3d<\/b> (44)\r\n<\/big><\/p>\r\n\r\n<p style=\"text-align: center\">&nbsp;<\/p>\r\n\r\n<table width=\"100%\" cellspacing=\"1\" cellpading=\"1\">\r\n<tbody>\r\n<tr><td colspan=\"5\" style=\"background-color:LemonChiffon; text-align:center\"><font color=\"darkgreen\"><b>Gemeinden im Gerichtsbezirk \u017bmigr\u00f3d, Powiat Jas\u0142o, Woiwodschaft Krakow<\/b><\/font><\/td><\/tr><tr>\r\n\t    <td class=\"header\"><small>polnisch<\/small><\/td>\r\n\t    <td class=\"header\"><small>&nbsp;<\/small><\/td>\r\n\t    <td class=\"header\"><small>Gerichtsbezirk<\/small><\/td>\r\n\t\t<td class=\"header\"><small>Powiat<\/small><\/td>\r\n\t    <td class=\"header\" width=\"20%\"><small>Einwohner<\/small><\/td>\r\n<\/tr>\r\n\r\n<tr><td>Brzezowa<\/td><td>gm.<\/td><td>\u017bmigr\u00f3d<\/td><td>Jas\u0142o<\/td><td>454<\/td><\/tr>\r\n<tr><td>Cieklin<\/td><td>gm.<\/td><td>\u017bmigr\u00f3d<\/td><td>Jas\u0142o<\/td><td>1.067<\/td><\/tr>\r\n<tr><td>Czekaj<\/td><td>gm.<\/td><td>\u017bmigr\u00f3d<\/td><td>Jas\u0142o<\/td><td>238<\/td><\/tr>\r\n<tr><td>Desznica<\/td><td>gm.<\/td><td>\u017bmigr\u00f3d<\/td><td>Jas\u0142o<\/td><td>441<\/td><\/tr>\r\n<tr><td>Dobrynia<\/td><td>gm.<\/td><td>\u017bmigr\u00f3d<\/td><td>Jas\u0142o<\/td><td>522<\/td><\/tr>\r\n<tr><td>Dul\u0105bka<\/td><td>gm.<\/td><td>\u017bmigr\u00f3d<\/td><td>Jas\u0142o<\/td><td>420<\/td><\/tr>\r\n<tr><td>Dzielec<\/td><td>gm.<\/td><td>\u017bmigr\u00f3d<\/td><td>Jas\u0142o<\/td><td>222<\/td><\/tr>\r\n<tr><td>Folusz<\/td><td>gm.<\/td><td>\u017bmigr\u00f3d<\/td><td>Jas\u0142o<\/td><td>494<\/td><\/tr>\r\n<tr><td>Gorzyce<\/td><td>gm.<\/td><td>\u017bmigr\u00f3d<\/td><td>Jas\u0142o<\/td><td>290<\/td><\/tr>\r\n<tr><td>Grab<\/td><td>gm.<\/td><td>\u017bmigr\u00f3d<\/td><td>Jas\u0142o<\/td><td>574<\/td><\/tr>\r\n<tr><td>Grabanina<\/td><td>gm.<\/td><td>\u017bmigr\u00f3d<\/td><td>Jas\u0142o<\/td><td>406<\/td><\/tr>\r\n<tr><td>Ha\u0142b\u00f3w<\/td><td>gm.<\/td><td>\u017bmigr\u00f3d<\/td><td>Jas\u0142o<\/td><td>230<\/td><\/tr>\r\n<tr><td>Jaworze<\/td><td>gm.<\/td><td>\u017bmigr\u00f3d<\/td><td>Jas\u0142o<\/td><td>137<\/td><\/tr>\r\n<tr><td>K\u0142opotnica<\/td><td>gm.<\/td><td>\u017bmigr\u00f3d<\/td><td>Jas\u0142o<\/td><td>148<\/td><\/tr>\r\n<tr><td>Konty<\/td><td>gm.<\/td><td>\u017bmigr\u00f3d<\/td><td>Jas\u0142o<\/td><td>970<\/td><\/tr>\r\n\r\n<tr><td colspan=\"5\" style=\"text-align:center\">&nbsp;<br><a href=\"#top\"><img decoding=\"async\" src=\"wp-content\/pic\/topblue5.gif\" alt=\"nach oben\" \/><\/a><\/td><\/tr>\r\n\r\n<tr><td>Kota\u0144<\/td><td>gm.<\/td><td>\u017bmigr\u00f3d<\/td><td>Jas\u0142o<\/td><td>296<\/td><\/tr>\r\n<tr><td>Krempna<\/td><td>gm.<\/td><td>\u017bmigr\u00f3d<\/td><td>Jas\u0142o<\/td><td>575<\/td><\/tr>\r\n<tr><td>\u0141\u0119\u017cyny<\/td><td>gm.<\/td><td>\u017bmigr\u00f3d<\/td><td>Jas\u0142o<\/td><td>764<\/td><\/tr>\r\n<tr><td>\u0141ubienko<\/td><td>gm.<\/td><td>\u017bmigr\u00f3d<\/td><td>Jas\u0142o<\/td><td>441<\/td><\/tr>\r\n<tr><td>\u0141ysa G\u00f3ra<\/td><td>gm.<\/td><td>\u017bmigr\u00f3d<\/td><td>Jas\u0142o<\/td><td>733<\/td><\/tr>\r\n<tr><td>Makowiska<\/td><td>gm.<\/td><td>\u017bmigr\u00f3d<\/td><td>Jas\u0142o<\/td><td>496<\/td><\/tr>\r\n<tr><td>Mrukowa<\/td><td>gm.<\/td><td>\u017bmigr\u00f3d<\/td><td>Jas\u0142o<\/td><td>391<\/td><\/tr>\r\n<tr><td>Mytarka<\/td><td>gm.<\/td><td>\u017bmigr\u00f3d<\/td><td>Jas\u0142o<\/td><td>179<\/td><\/tr>\r\n<tr><td>Mytarz<\/td><td>gm.<\/td><td>\u017bmigr\u00f3d<\/td><td>Jas\u0142o<\/td><td>474<\/td><\/tr>\r\n<tr><td>Nienasz\u00f3w<\/td><td>gm.<\/td><td>\u017bmigr\u00f3d<\/td><td>Jas\u0142o<\/td><td>957<\/td><\/tr>\r\n<tr><td>Osiek<\/td><td>m-to<\/td><td>\u017bmigr\u00f3d<\/td><td>Jas\u0142o<\/td><td>813<\/td><\/tr>\r\n<tr><td>O\u017cenna<\/td><td>gm.<\/td><td>\u017bmigr\u00f3d<\/td><td>Jas\u0142o<\/td><td>320<\/td><\/tr>\r\n<tr><td>Pag\u00f3rek<\/td><td>gm.<\/td><td>\u017bmigr\u00f3d<\/td><td>Jas\u0142o<\/td><td>314<\/td><\/tr>\r\n<tr><td colspan=\"5\">&nbsp;<small>mit Pag\u00f3rek (wie\u015b), Rado\u015b\u0107 (przys.)<\/small><\/td><\/tr>\r\n<tr><td>Pielgrzymka<\/td><td>gm.<\/td><td>\u017bmigr\u00f3d<\/td><td>Jas\u0142o<\/td><td>1.035<\/td><\/tr>\r\n<tr><td colspan=\"5\">&nbsp;<small>mit Huta Samokl\u0119ska (przys.), Pielgrzymka (wie\u015b)<\/small><\/td><\/tr>\r\n<tr><td>Rostajne<\/td><td>gm.<\/td><td>\u017bmigr\u00f3d<\/td><td>Jas\u0142o<\/td><td>265<\/td><\/tr>\r\n\r\n<tr><td colspan=\"5\" style=\"text-align:center\">&nbsp;<br><a href=\"#top\"><img decoding=\"async\" src=\"wp-content\/pic\/topblue5.gif\" alt=\"nach oben\" \/><\/a><\/td><\/tr>\r\n\r\n<tr><td>Samokl\u0119ski<\/td><td>gm.<\/td><td>\u017bmigr\u00f3d<\/td><td>Jas\u0142o<\/td><td>892<\/td><\/tr>\r\n<tr><td>Siedliska ad \u017bmigr\u00f3d<\/td><td>gm.<\/td><td>\u017bmigr\u00f3d<\/td><td>Jas\u0142o<\/td><td>259<\/td><\/tr>\r\n<tr><td>Skalnik<\/td><td>gm.<\/td><td>\u017bmigr\u00f3d<\/td><td>Jas\u0142o<\/td><td>282<\/td><\/tr>\r\n<tr><td>\u015awi\u0105tkowa Ma\u0142a<\/td><td>gm.<\/td><td>\u017bmigr\u00f3d<\/td><td>Jas\u0142o<\/td><td>263<\/td><\/tr>\r\n<tr><td>\u015awi\u0105tkowa Wielka<\/td><td>gm.<\/td><td>\u017bmigr\u00f3d<\/td><td>Jas\u0142o<\/td><td>664<\/td><\/tr>\r\n<tr><td>\u015awierchowa<\/td><td>gm.<\/td><td>\u017bmigr\u00f3d<\/td><td>Jas\u0142o<\/td><td>427<\/td><\/tr>\r\n<tr><td>\u015awierzowa Ruska<\/td><td>gm.<\/td><td>\u017bmigr\u00f3d<\/td><td>Jas\u0142o<\/td><td>365<\/td><\/tr>\r\n<tr><td>Toki<\/td><td>gm.<\/td><td>\u017bmigr\u00f3d<\/td><td>Jas\u0142o<\/td><td>380<\/td><\/tr>\r\n<tr><td>Wola Ciekli\u0144ska<\/td><td>gm.<\/td><td>\u017bmigr\u00f3d<\/td><td>Jas\u0142o<\/td><td>337<\/td><\/tr>\r\n<tr><td>Wyszowadka<\/td><td>gm.<\/td><td>\u017bmigr\u00f3d<\/td><td>Jas\u0142o<\/td><td>213<\/td><\/tr>\r\n<tr><td>Zawadka ad Osiek<\/td><td>gm.<\/td><td>\u017bmigr\u00f3d<\/td><td>Jas\u0142o<\/td><td>398<\/td><\/tr>\r\n<tr><td>\u017bmigr\u00f3d Nowy<\/td><td>m-ko<\/td><td>\u017bmigr\u00f3d<\/td><td>Jas\u0142o<\/td><td>1.959<\/td><\/tr>\r\n<tr><td>\u017bmigr\u00f3d Stary<\/td><td>gm.<\/td><td>\u017bmigr\u00f3d<\/td><td>Jas\u0142o<\/td><td>664<\/td><\/tr>\r\n<tr><td>\u017bydowskie<\/td><td>gm.<\/td><td>\u017bmigr\u00f3d<\/td><td>Jas\u0142o<\/td><td>360<\/td><\/tr>\r\n\r\n<\/tbody><table>\r\n\r\n<p style=\"text-align: center\">&nbsp;<br><a href=\"#top\"><img decoding=\"async\" src=\"wp-content\/pic\/topblue5.gif\" alt=\"nach oben\" \/><\/a><\/p>\r\n\r\n<p style=\"text-align: center\">\r\n<a href=\"?p=112358\">Ortsverzeichnis Woiwodschaft Krakow 1921<\/a><br>\r\n<a href=\"?p=613\">Forschungsstelle Galizien und Bukowina<\/a>\r\n<\/p>","protected":false},"excerpt":{"rendered":"<p>Sie sind hier: Start &#187; FST Galizien und Bukowina &#187; Orte &#187; Ortsverzeichnis Polen 1921 &#187; Woiwodschaft Krakow 1921 &#187; Powiat Jas\u0142o &#187; Gerichtsbezirk \u017bmigr\u00f3d &nbsp; In der Woiwodschaft Krakow im Jahr 1921 geh\u00f6rten zum Powiat Jas\u0142o folgende zwei Gerichtsbezirke. Die Anzahl der Gminas sind in Klammern genannt:&nbsp; Gerichtsbezirke (Okr\u0105g s\u0105dowy): &nbsp; Jas\u0142o (78) &#8226; <a href=\"https:\/\/agoff.de\/?p=118915\" class=\"more-link\">\u2026\u00a0<span class=\"screen-reader-text\">  Woiwodschaft Krakow, Powiat Jas\u0142o, Gerichtsbezirk \u017bmigr\u00f3d 1921<\/span><\/a><\/p>\n","protected":false},"author":30,"featured_media":0,"comment_status":"closed","ping_status":"closed","sticky":false,"template":"","format":"standard","meta":{"ngg_post_thumbnail":0,"footnotes":""},"categories":[3272],"tags":[],"class_list":["post-118915","post","type-post","status-publish","format-standard","hentry","category-ortsverzeichnisse-polen"],"_links":{"self":[{"href":"https:\/\/agoff.de\/index.php?rest_route=\/wp\/v2\/posts\/118915","targetHints":{"allow":["GET"]}}],"collection":[{"href":"https:\/\/agoff.de\/index.php?rest_route=\/wp\/v2\/posts"}],"about":[{"href":"https:\/\/agoff.de\/index.php?rest_route=\/wp\/v2\/types\/post"}],"author":[{"embeddable":true,"href":"https:\/\/agoff.de\/index.php?rest_route=\/wp\/v2\/users\/30"}],"replies":[{"embeddable":true,"href":"https:\/\/agoff.de\/index.php?rest_route=%2Fwp%2Fv2%2Fcomments&post=118915"}],"version-history":[{"count":3,"href":"https:\/\/agoff.de\/index.php?rest_route=\/wp\/v2\/posts\/118915\/revisions"}],"predecessor-version":[{"id":120149,"href":"https:\/\/agoff.de\/index.php?rest_route=\/wp\/v2\/posts\/118915\/revisions\/120149"}],"wp:attachment":[{"href":"https:\/\/agoff.de\/index.php?rest_route=%2Fwp%2Fv2%2Fmedia&parent=118915"}],"wp:term":[{"taxonomy":"category","embeddable":true,"href":"https:\/\/agoff.de\/index.php?rest_route=%2Fwp%2Fv2%2Fcategories&post=118915"},{"taxonomy":"post_tag","embeddable":true,"href":"https:\/\/agoff.de\/index.php?rest_route=%2Fwp%2Fv2%2Ftags&post=118915"}],"curies":[{"name":"wp","href":"https:\/\/api.w.org\/{rel}","templated":true}]}}